{"id":379,"date":"2024-09-07T11:40:00","date_gmt":"2024-09-07T11:40:00","guid":{"rendered":"https:\/\/www.dailybase.com\/es\/?p=379"},"modified":"2024-09-05T16:02:16","modified_gmt":"2024-09-05T16:02:16","slug":"cuando-se-cambia-la-hora-al-horario-de-invierno-en-espana","status":"publish","type":"post","link":"https:\/\/www.dailybase.com\/es\/cuando-se-cambia-la-hora-al-horario-de-invierno-en-espana\/","title":{"rendered":"\u00bfCu\u00e1ndo se cambia la hora al horario de invierno en Espa\u00f1a?"},"content":{"rendered":"\n<p>Como todos los a\u00f1os, Espa\u00f1a se prepara para realizar el segundo cambio de hora del a\u00f1o y pasar as\u00ed al horario de invierno. <\/p>\n\n\n\n<p>Un cambio que tendr\u00e1 lugar el pr\u00f3ximo <strong>27 de octubre de 2024<\/strong>. Concretamente en la madrugada del \u00faltimo domingo del mes, cuando <strong>a las 3 de la ma\u00f1ana ser\u00e1n las 2<\/strong>, marcando as\u00ed el inicio del horario de invierno.<\/p>\n\n\n\n<p>As\u00ed viene publicado en el Bolet\u00edn Oficial del Estado (BOE), donde ya se ha anunciado que para 2025, <strong>el cambio se producir\u00e1 el 26 de octubre<\/strong>, mientras que en 2026 ser\u00e1 el 25 de octubre. El debate sobre la fecha y la necesidad del cambio ser\u00e1, como cada a\u00f1o, inevitable.<\/p>\n\n\n\n<h2 class=\"wp-block-heading\" id=\"h-para-que-se-cambia-la-hora-en-invierno\">\u00bfPara qu\u00e9 se cambia la hora en invierno?<\/h2>\n\n\n\n<p>Con la llegada del horario de invierno, los d\u00edas parecer\u00e1n m\u00e1s cortos, puesto que<strong> amanecer\u00e1 y anochecer\u00e1 m\u00e1s temprano<\/strong>, alterando varios aspectos de nuestro <strong><a href=\"https:\/\/www.dailybase.com\/es\/category\/lifestyle\/\">estilo de vida<\/a> <\/strong>estival.<\/p>\n\n\n\n<p>Un cambio que puede afectar la rutina diaria de muchas personas como consecuencia de menor exposici\u00f3n solar, lo que a menudo <strong>puede influir en el estado de \u00e1nimo y la productividad.<\/strong><\/p>\n\n\n\n<figure class=\"wp-block-image size-large\"><img decoding=\"async\" width=\"1024\" height=\"576\" src=\"https:\/\/www.dailybase.com\/es\/wp-content\/uploads\/sites\/11\/2024\/09\/cambiar-la-hora-horario-invierno-1024x576.webp\" alt=\"C\u00f3mo afecta el cambio de hora.\" class=\"wp-image-382\" srcset=\"https:\/\/www.dailybase.com\/es\/wp-content\/uploads\/sites\/11\/2024\/09\/cambiar-la-hora-horario-invierno-1024x576.webp 1024w, https:\/\/www.dailybase.com\/es\/wp-content\/uploads\/sites\/11\/2024\/09\/cambiar-la-hora-horario-invierno-300x169.webp 300w, https:\/\/www.dailybase.com\/es\/wp-content\/uploads\/sites\/11\/2024\/09\/cambiar-la-hora-horario-invierno-768x432.webp 768w, https:\/\/www.dailybase.com\/es\/wp-content\/uploads\/sites\/11\/2024\/09\/cambiar-la-hora-horario-invierno-1536x864.webp 1536w, https:\/\/www.dailybase.com\/es\/wp-content\/uploads\/sites\/11\/2024\/09\/cambiar-la-hora-horario-invierno-1170x658.webp 1170w, https:\/\/www.dailybase.com\/es\/wp-content\/uploads\/sites\/11\/2024\/09\/cambiar-la-hora-horario-invierno-585x329.webp 585w, https:\/\/www.dailybase.com\/es\/wp-content\/uploads\/sites\/11\/2024\/09\/cambiar-la-hora-horario-invierno.webp 1900w\" sizes=\"(max-width: 1024px) 100vw, 1024px\" \/><\/figure>\n\n\n\n<p>Por otro lado, algunos expertos se\u00f1alan que el cambio de hora puede tener consecuencias negativas sobre la salud, especialmente en t\u00e9rminos de trastornos del <strong>sue\u00f1o, fatiga y alteraciones en el reloj biol\u00f3gico.<\/strong><\/p>\n\n\n\n<p>La <strong><a href=\"https:\/\/horariosenespana.com\/\" target=\"_blank\" rel=\"noreferrer noopener nofollow\">ARHOE-Comisi\u00f3n Nacional para la Racionalizaci\u00f3n de Horarios Espa\u00f1oles<\/a><\/strong> ha manifestado su oposici\u00f3n a esta medida, argumentando que el cambio de hora tiene repercusiones perjudiciales para las personas y que, por tanto, deber\u00eda reconsiderarse.<\/p>\n\n\n\n<h3 class=\"wp-block-heading\" id=\"h-el-debato-sobre-el-cambio-de-horario-paralizado-en-europa\">El debato sobre el cambio de horario, paralizado en Europa<\/h3>\n\n\n\n<p>El cambio de hora no solo es un tema controvertido en Espa\u00f1a, sino en toda Europa. En 2018, la Comisi\u00f3n Europea lanz\u00f3 un proceso para acabar con los cambios de hora bianuales, permitiendo a los pa\u00edses elegir entre mantener el horario de verano o el de invierno de manera permanente.<\/p>\n\n\n\n<p>Sin embargo, <strong>este debate se ha estancado<\/strong>, y hasta la fecha no se ha alcanzado una resoluci\u00f3n definitiva, por lo que Espa\u00f1a, como el resto de pa\u00edses de la Uni\u00f3n Europea, seguir\u00e1 cambiando sus horarios dos veces al a\u00f1o.<\/p>\n","protected":false},"excerpt":{"rendered":"<p>Como todos los a\u00f1os, Espa\u00f1a se prepara para realizar el segundo cambio de hora del a\u00f1o y pasar as\u00ed al horario de invierno. Un cambio que tendr\u00e1 lugar el pr\u00f3ximo&hellip;<\/p>\n","protected":false},"author":372,"featured_media":380,"comment_status":"open","ping_status":"open","sticky":false,"template":"","format":"standard","meta":{"_acf_changed":false,"footnotes":"","_links_to":"","_links_to_target":""},"categories":[2],"tags":[],"class_list":["post-379","post","type-post","status-publish","format-standard","has-post-thumbnail","hentry","category-lifestyle"],"acf":[],"featured_image_src":"https:\/\/www.dailybase.com\/es\/wp-content\/uploads\/sites\/11\/2024\/09\/cambio-de-hora-invierno.jpg","author_info":{"display_name":"diego","author_link":"https:\/\/www.dailybase.com\/es\/author\/diego\/"},"yoast_head":"<!-- This site is optimized with the Yoast SEO Premium plugin v27.0 (Yoast SEO v27.0) - https:\/\/yoast.com\/product\/yoast-seo-premium-wordpress\/ -->\n<title>\u00bfCu\u00e1ndo se cambia la hora al horario de invierno en Espa\u00f1a? - Daily Base ES<\/title>\n<meta name=\"description\" content=\"Como cada a\u00f1o, Espa\u00f1a se prepara para cambiar la hora y adoptar el horario de invierno durante este mes de octubre.\" \/>\n<meta name=\"robots\" content=\"index, follow, max-snippet:-1, max-image-preview:large, max-video-preview:-1\" \/>\n<link rel=\"canonical\" href=\"https:\/\/www.dailybase.com\/es\/cuando-se-cambia-la-hora-al-horario-de-invierno-en-espana\/\" \/>\n<meta property=\"og:locale\" content=\"es_ES\" \/>\n<meta property=\"og:type\" content=\"article\" \/>\n<meta property=\"og:title\" content=\"\u00bfCu\u00e1ndo se cambia la hora al horario de invierno en Espa\u00f1a?\" \/>\n<meta property=\"og:description\" content=\"Como cada a\u00f1o, Espa\u00f1a se prepara para cambiar la hora y adoptar el horario de invierno durante este mes de octubre.\" \/>\n<meta property=\"og:url\" content=\"https:\/\/www.dailybase.com\/es\/cuando-se-cambia-la-hora-al-horario-de-invierno-en-espana\/\" \/>\n<meta property=\"og:site_name\" content=\"Daily Base ES\" \/>\n<meta property=\"article:publisher\" content=\"https:\/\/www.facebook.com\/dailybasecom\" \/>\n<meta property=\"article:published_time\" content=\"2024-09-07T11:40:00+00:00\" \/>\n<meta property=\"og:image\" content=\"https:\/\/evv2h22ipz4.exactdn.com\/es\/wp-content\/uploads\/sites\/11\/2024\/09\/cambio-de-hora-invierno.jpg?strip=all&lossy=1&ssl=1\" \/>\n\t<meta property=\"og:image:width\" content=\"1140\" \/>\n\t<meta property=\"og:image:height\" content=\"641\" \/>\n\t<meta property=\"og:image:type\" content=\"image\/jpeg\" \/>\n<meta name=\"author\" content=\"diego\" \/>\n<meta name=\"twitter:card\" content=\"summary_large_image\" \/>\n<meta name=\"twitter:creator\" content=\"@Dailybasecom\" \/>\n<meta name=\"twitter:site\" content=\"@Dailybasecom\" \/>\n<meta name=\"twitter:label1\" content=\"Written by\" \/>\n\t<meta name=\"twitter:data1\" content=\"diego\" \/>\n\t<meta name=\"twitter:label2\" content=\"Est. reading time\" \/>\n\t<meta name=\"twitter:data2\" content=\"2 minutes\" \/>\n<script type=\"application\/ld+json\" class=\"yoast-schema-graph\">{\"@context\":\"https:\/\/schema.org\",\"@graph\":[{\"@type\":\"Article\",\"@id\":\"https:\/\/www.dailybase.com\/es\/cuando-se-cambia-la-hora-al-horario-de-invierno-en-espana\/#article\",\"isPartOf\":{\"@id\":\"https:\/\/www.dailybase.com\/es\/cuando-se-cambia-la-hora-al-horario-de-invierno-en-espana\/\"},\"author\":{\"name\":\"diego\",\"@id\":\"https:\/\/www.dailybase.com\/es\/#\/schema\/person\/7c1ac12d1c5f2a53474db98fd2091f6b\"},\"headline\":\"\u00bfCu\u00e1ndo se cambia la hora al horario de invierno en Espa\u00f1a?\",\"datePublished\":\"2024-09-07T11:40:00+00:00\",\"mainEntityOfPage\":{\"@id\":\"https:\/\/www.dailybase.com\/es\/cuando-se-cambia-la-hora-al-horario-de-invierno-en-espana\/\"},\"wordCount\":378,\"commentCount\":0,\"publisher\":{\"@id\":\"https:\/\/www.dailybase.com\/es\/#organization\"},\"image\":{\"@id\":\"https:\/\/www.dailybase.com\/es\/cuando-se-cambia-la-hora-al-horario-de-invierno-en-espana\/#primaryimage\"},\"thumbnailUrl\":\"https:\/\/www.dailybase.com\/es\/wp-content\/uploads\/sites\/11\/2024\/09\/cambio-de-hora-invierno.jpg\",\"articleSection\":[\"Lifestyle\"],\"inLanguage\":\"es-ES\",\"potentialAction\":[{\"@type\":\"CommentAction\",\"name\":\"Comment\",\"target\":[\"https:\/\/www.dailybase.com\/es\/cuando-se-cambia-la-hora-al-horario-de-invierno-en-espana\/#respond\"]}]},{\"@type\":\"WebPage\",\"@id\":\"https:\/\/www.dailybase.com\/es\/cuando-se-cambia-la-hora-al-horario-de-invierno-en-espana\/\",\"url\":\"https:\/\/www.dailybase.com\/es\/cuando-se-cambia-la-hora-al-horario-de-invierno-en-espana\/\",\"name\":\"\u00bfCu\u00e1ndo se cambia la hora al horario de invierno en Espa\u00f1a? - Daily Base ES\",\"isPartOf\":{\"@id\":\"https:\/\/www.dailybase.com\/es\/#website\"},\"primaryImageOfPage\":{\"@id\":\"https:\/\/www.dailybase.com\/es\/cuando-se-cambia-la-hora-al-horario-de-invierno-en-espana\/#primaryimage\"},\"image\":{\"@id\":\"https:\/\/www.dailybase.com\/es\/cuando-se-cambia-la-hora-al-horario-de-invierno-en-espana\/#primaryimage\"},\"thumbnailUrl\":\"https:\/\/www.dailybase.com\/es\/wp-content\/uploads\/sites\/11\/2024\/09\/cambio-de-hora-invierno.jpg\",\"datePublished\":\"2024-09-07T11:40:00+00:00\",\"description\":\"Como cada a\u00f1o, Espa\u00f1a se prepara para cambiar la hora y adoptar el horario de invierno durante este mes de octubre.\",\"breadcrumb\":{\"@id\":\"https:\/\/www.dailybase.com\/es\/cuando-se-cambia-la-hora-al-horario-de-invierno-en-espana\/#breadcrumb\"},\"inLanguage\":\"es-ES\",\"potentialAction\":[{\"@type\":\"ReadAction\",\"target\":[\"https:\/\/www.dailybase.com\/es\/cuando-se-cambia-la-hora-al-horario-de-invierno-en-espana\/\"]}]},{\"@type\":\"ImageObject\",\"inLanguage\":\"es-ES\",\"@id\":\"https:\/\/www.dailybase.com\/es\/cuando-se-cambia-la-hora-al-horario-de-invierno-en-espana\/#primaryimage\",\"url\":\"https:\/\/www.dailybase.com\/es\/wp-content\/uploads\/sites\/11\/2024\/09\/cambio-de-hora-invierno.jpg\",\"contentUrl\":\"https:\/\/www.dailybase.com\/es\/wp-content\/uploads\/sites\/11\/2024\/09\/cambio-de-hora-invierno.jpg\",\"width\":1140,\"height\":641,\"caption\":\"Cambio horario de invierno.\"},{\"@type\":\"BreadcrumbList\",\"@id\":\"https:\/\/www.dailybase.com\/es\/cuando-se-cambia-la-hora-al-horario-de-invierno-en-espana\/#breadcrumb\",\"itemListElement\":[{\"@type\":\"ListItem\",\"position\":1,\"name\":\"Home\",\"item\":\"https:\/\/www.dailybase.com\/es\/\"},{\"@type\":\"ListItem\",\"position\":2,\"name\":\"\u00bfCu\u00e1ndo se cambia la hora al horario de invierno en Espa\u00f1a?\"}]},{\"@type\":\"WebSite\",\"@id\":\"https:\/\/www.dailybase.com\/es\/#website\",\"url\":\"https:\/\/www.dailybase.com\/es\/\",\"name\":\"Daily Base ES\",\"description\":\"Lo mejor de la web, todos los d\u00edas!\",\"publisher\":{\"@id\":\"https:\/\/www.dailybase.com\/es\/#organization\"},\"potentialAction\":[{\"@type\":\"SearchAction\",\"target\":{\"@type\":\"EntryPoint\",\"urlTemplate\":\"https:\/\/www.dailybase.com\/es\/?s={search_term_string}\"},\"query-input\":{\"@type\":\"PropertyValueSpecification\",\"valueRequired\":true,\"valueName\":\"search_term_string\"}}],\"inLanguage\":\"es-ES\"},{\"@type\":\"Organization\",\"@id\":\"https:\/\/www.dailybase.com\/es\/#organization\",\"name\":\"Daily Base\",\"url\":\"https:\/\/www.dailybase.com\/es\/\",\"logo\":{\"@type\":\"ImageObject\",\"inLanguage\":\"es-ES\",\"@id\":\"https:\/\/www.dailybase.com\/es\/#\/schema\/logo\/image\/\",\"url\":\"https:\/\/www.dailybase.com\/es\/wp-content\/uploads\/sites\/11\/2025\/03\/Dailybase.Com-ES-Logo.png\",\"contentUrl\":\"https:\/\/www.dailybase.com\/es\/wp-content\/uploads\/sites\/11\/2025\/03\/Dailybase.Com-ES-Logo.png\",\"width\":400,\"height\":76,\"caption\":\"Daily Base\"},\"image\":{\"@id\":\"https:\/\/www.dailybase.com\/es\/#\/schema\/logo\/image\/\"},\"sameAs\":[\"https:\/\/www.facebook.com\/dailybasecom\",\"https:\/\/x.com\/Dailybasecom\"],\"email\":\"info@dailybase.com\"},{\"@type\":\"Person\",\"@id\":\"https:\/\/www.dailybase.com\/es\/#\/schema\/person\/7c1ac12d1c5f2a53474db98fd2091f6b\",\"name\":\"diego\",\"image\":{\"@type\":\"ImageObject\",\"inLanguage\":\"es-ES\",\"@id\":\"https:\/\/www.dailybase.com\/es\/#\/schema\/person\/image\/\",\"url\":\"https:\/\/secure.gravatar.com\/avatar\/4355691d5acc805ee90fe07217d62974d094f5efb062a544300b58aaf586a026?s=96&d=mm&r=g\",\"contentUrl\":\"https:\/\/secure.gravatar.com\/avatar\/4355691d5acc805ee90fe07217d62974d094f5efb062a544300b58aaf586a026?s=96&d=mm&r=g\",\"caption\":\"diego\"},\"url\":\"https:\/\/www.dailybase.com\/es\/author\/diego\/\"}]}<\/script>\n<!-- \/ Yoast SEO Premium plugin. -->","yoast_head_json":{"title":"\u00bfCu\u00e1ndo se cambia la hora al horario de invierno en Espa\u00f1a? - Daily Base ES","description":"Como cada a\u00f1o, Espa\u00f1a se prepara para cambiar la hora y adoptar el horario de invierno durante este mes de octubre.","robots":{"index":"index","follow":"follow","max-snippet":"max-snippet:-1","max-image-preview":"max-image-preview:large","max-video-preview":"max-video-preview:-1"},"canonical":"https:\/\/www.dailybase.com\/es\/cuando-se-cambia-la-hora-al-horario-de-invierno-en-espana\/","og_locale":"es_ES","og_type":"article","og_title":"\u00bfCu\u00e1ndo se cambia la hora al horario de invierno en Espa\u00f1a?","og_description":"Como cada a\u00f1o, Espa\u00f1a se prepara para cambiar la hora y adoptar el horario de invierno durante este mes de octubre.","og_url":"https:\/\/www.dailybase.com\/es\/cuando-se-cambia-la-hora-al-horario-de-invierno-en-espana\/","og_site_name":"Daily Base ES","article_publisher":"https:\/\/www.facebook.com\/dailybasecom","article_published_time":"2024-09-07T11:40:00+00:00","og_image":[{"width":1140,"height":641,"url":"https:\/\/evv2h22ipz4.exactdn.com\/es\/wp-content\/uploads\/sites\/11\/2024\/09\/cambio-de-hora-invierno.jpg?strip=all&lossy=1&ssl=1","type":"image\/jpeg"}],"author":"diego","twitter_card":"summary_large_image","twitter_creator":"@Dailybasecom","twitter_site":"@Dailybasecom","twitter_misc":{"Written by":"diego","Est. reading time":"2 minutes"},"schema":{"@context":"https:\/\/schema.org","@graph":[{"@type":"Article","@id":"https:\/\/www.dailybase.com\/es\/cuando-se-cambia-la-hora-al-horario-de-invierno-en-espana\/#article","isPartOf":{"@id":"https:\/\/www.dailybase.com\/es\/cuando-se-cambia-la-hora-al-horario-de-invierno-en-espana\/"},"author":{"name":"diego","@id":"https:\/\/www.dailybase.com\/es\/#\/schema\/person\/7c1ac12d1c5f2a53474db98fd2091f6b"},"headline":"\u00bfCu\u00e1ndo se cambia la hora al horario de invierno en Espa\u00f1a?","datePublished":"2024-09-07T11:40:00+00:00","mainEntityOfPage":{"@id":"https:\/\/www.dailybase.com\/es\/cuando-se-cambia-la-hora-al-horario-de-invierno-en-espana\/"},"wordCount":378,"commentCount":0,"publisher":{"@id":"https:\/\/www.dailybase.com\/es\/#organization"},"image":{"@id":"https:\/\/www.dailybase.com\/es\/cuando-se-cambia-la-hora-al-horario-de-invierno-en-espana\/#primaryimage"},"thumbnailUrl":"https:\/\/www.dailybase.com\/es\/wp-content\/uploads\/sites\/11\/2024\/09\/cambio-de-hora-invierno.jpg","articleSection":["Lifestyle"],"inLanguage":"es-ES","potentialAction":[{"@type":"CommentAction","name":"Comment","target":["https:\/\/www.dailybase.com\/es\/cuando-se-cambia-la-hora-al-horario-de-invierno-en-espana\/#respond"]}]},{"@type":"WebPage","@id":"https:\/\/www.dailybase.com\/es\/cuando-se-cambia-la-hora-al-horario-de-invierno-en-espana\/","url":"https:\/\/www.dailybase.com\/es\/cuando-se-cambia-la-hora-al-horario-de-invierno-en-espana\/","name":"\u00bfCu\u00e1ndo se cambia la hora al horario de invierno en Espa\u00f1a? - Daily Base ES","isPartOf":{"@id":"https:\/\/www.dailybase.com\/es\/#website"},"primaryImageOfPage":{"@id":"https:\/\/www.dailybase.com\/es\/cuando-se-cambia-la-hora-al-horario-de-invierno-en-espana\/#primaryimage"},"image":{"@id":"https:\/\/www.dailybase.com\/es\/cuando-se-cambia-la-hora-al-horario-de-invierno-en-espana\/#primaryimage"},"thumbnailUrl":"https:\/\/www.dailybase.com\/es\/wp-content\/uploads\/sites\/11\/2024\/09\/cambio-de-hora-invierno.jpg","datePublished":"2024-09-07T11:40:00+00:00","description":"Como cada a\u00f1o, Espa\u00f1a se prepara para cambiar la hora y adoptar el horario de invierno durante este mes de octubre.","breadcrumb":{"@id":"https:\/\/www.dailybase.com\/es\/cuando-se-cambia-la-hora-al-horario-de-invierno-en-espana\/#breadcrumb"},"inLanguage":"es-ES","potentialAction":[{"@type":"ReadAction","target":["https:\/\/www.dailybase.com\/es\/cuando-se-cambia-la-hora-al-horario-de-invierno-en-espana\/"]}]},{"@type":"ImageObject","inLanguage":"es-ES","@id":"https:\/\/www.dailybase.com\/es\/cuando-se-cambia-la-hora-al-horario-de-invierno-en-espana\/#primaryimage","url":"https:\/\/www.dailybase.com\/es\/wp-content\/uploads\/sites\/11\/2024\/09\/cambio-de-hora-invierno.jpg","contentUrl":"https:\/\/www.dailybase.com\/es\/wp-content\/uploads\/sites\/11\/2024\/09\/cambio-de-hora-invierno.jpg","width":1140,"height":641,"caption":"Cambio horario de invierno."},{"@type":"BreadcrumbList","@id":"https:\/\/www.dailybase.com\/es\/cuando-se-cambia-la-hora-al-horario-de-invierno-en-espana\/#breadcrumb","itemListElement":[{"@type":"ListItem","position":1,"name":"Home","item":"https:\/\/www.dailybase.com\/es\/"},{"@type":"ListItem","position":2,"name":"\u00bfCu\u00e1ndo se cambia la hora al horario de invierno en Espa\u00f1a?"}]},{"@type":"WebSite","@id":"https:\/\/www.dailybase.com\/es\/#website","url":"https:\/\/www.dailybase.com\/es\/","name":"Daily Base ES","description":"Lo mejor de la web, todos los d\u00edas!","publisher":{"@id":"https:\/\/www.dailybase.com\/es\/#organization"},"potentialAction":[{"@type":"SearchAction","target":{"@type":"EntryPoint","urlTemplate":"https:\/\/www.dailybase.com\/es\/?s={search_term_string}"},"query-input":{"@type":"PropertyValueSpecification","valueRequired":true,"valueName":"search_term_string"}}],"inLanguage":"es-ES"},{"@type":"Organization","@id":"https:\/\/www.dailybase.com\/es\/#organization","name":"Daily Base","url":"https:\/\/www.dailybase.com\/es\/","logo":{"@type":"ImageObject","inLanguage":"es-ES","@id":"https:\/\/www.dailybase.com\/es\/#\/schema\/logo\/image\/","url":"https:\/\/www.dailybase.com\/es\/wp-content\/uploads\/sites\/11\/2025\/03\/Dailybase.Com-ES-Logo.png","contentUrl":"https:\/\/www.dailybase.com\/es\/wp-content\/uploads\/sites\/11\/2025\/03\/Dailybase.Com-ES-Logo.png","width":400,"height":76,"caption":"Daily Base"},"image":{"@id":"https:\/\/www.dailybase.com\/es\/#\/schema\/logo\/image\/"},"sameAs":["https:\/\/www.facebook.com\/dailybasecom","https:\/\/x.com\/Dailybasecom"],"email":"info@dailybase.com"},{"@type":"Person","@id":"https:\/\/www.dailybase.com\/es\/#\/schema\/person\/7c1ac12d1c5f2a53474db98fd2091f6b","name":"diego","image":{"@type":"ImageObject","inLanguage":"es-ES","@id":"https:\/\/www.dailybase.com\/es\/#\/schema\/person\/image\/","url":"https:\/\/secure.gravatar.com\/avatar\/4355691d5acc805ee90fe07217d62974d094f5efb062a544300b58aaf586a026?s=96&d=mm&r=g","contentUrl":"https:\/\/secure.gravatar.com\/avatar\/4355691d5acc805ee90fe07217d62974d094f5efb062a544300b58aaf586a026?s=96&d=mm&r=g","caption":"diego"},"url":"https:\/\/www.dailybase.com\/es\/author\/diego\/"}]}},"_links":{"self":[{"href":"https:\/\/www.dailybase.com\/es\/wp-json\/wp\/v2\/posts\/379","targetHints":{"allow":["GET"]}}],"collection":[{"href":"https:\/\/www.dailybase.com\/es\/wp-json\/wp\/v2\/posts"}],"about":[{"href":"https:\/\/www.dailybase.com\/es\/wp-json\/wp\/v2\/types\/post"}],"author":[{"embeddable":true,"href":"https:\/\/www.dailybase.com\/es\/wp-json\/wp\/v2\/users\/372"}],"replies":[{"embeddable":true,"href":"https:\/\/www.dailybase.com\/es\/wp-json\/wp\/v2\/comments?post=379"}],"version-history":[{"count":1,"href":"https:\/\/www.dailybase.com\/es\/wp-json\/wp\/v2\/posts\/379\/revisions"}],"predecessor-version":[{"id":383,"href":"https:\/\/www.dailybase.com\/es\/wp-json\/wp\/v2\/posts\/379\/revisions\/383"}],"wp:featuredmedia":[{"embeddable":true,"href":"https:\/\/www.dailybase.com\/es\/wp-json\/wp\/v2\/media\/380"}],"wp:attachment":[{"href":"https:\/\/www.dailybase.com\/es\/wp-json\/wp\/v2\/media?parent=379"}],"wp:term":[{"taxonomy":"category","embeddable":true,"href":"https:\/\/www.dailybase.com\/es\/wp-json\/wp\/v2\/categories?post=379"},{"taxonomy":"post_tag","embeddable":true,"href":"https:\/\/www.dailybase.com\/es\/wp-json\/wp\/v2\/tags?post=379"}],"curies":[{"name":"wp","href":"https:\/\/api.w.org\/{rel}","templated":true}]}}